{"id":4362,"date":"2019-10-23T12:36:07","date_gmt":"2019-10-23T10:36:07","guid":{"rendered":"https:\/\/fundacionpalarq.com\/finalista-proyecto-bastida\/"},"modified":"2019-11-28T09:46:36","modified_gmt":"2019-11-28T07:46:36","slug":"finalista-proyecto-bastida","status":"publish","type":"post","link":"https:\/\/fundacionpalarq.com\/en\/finalista-proyecto-bastida\/","title":{"rendered":"Finalist: Bastida Project"},"content":{"rendered":"<p><iframe loading=\"lazy\" title=\"LA ALMOLOYA (Pliego, Murcia)_FITUR2018\" src=\"https:\/\/player.vimeo.com\/video\/252021623?dnt=1&amp;app_id=122963\" width=\"1200\" height=\"675\" frameborder=\"0\" allow=\"autoplay; fullscreen\" allowfullscreen><\/iframe><\/p>\n","protected":false},"excerpt":{"rendered":"<p>https:\/\/vimeo.com\/252021623<\/p>\n","protected":false},"author":1,"featured_media":3827,"comment_status":"open","ping_status":"open","sticky":false,"template":"","format":"standard","meta":{"footnotes":"","_links_to":"","_links_to_target":""},"categories":[71,59,62],"tags":[],"class_list":["post-4362","post","type-post","status-publish","format-standard","has-post-thumbnail","hentry","category-latest-news-home","category-multimedia","category-video-en","category-71","category-59","category-62","description-off"],"yoast_head":"<!-- This site is optimized with the Yoast SEO plugin v27.5 - https:\/\/yoast.com\/product\/yoast-seo-wordpress\/ -->\n<title>Finalist: Bastida Project - Fundaci\u00f3n Palarq<\/title>\n<meta name=\"robots\" content=\"index, follow, max-snippet:-1, max-image-preview:large, max-video-preview:-1\" \/>\n<link rel=\"canonical\" href=\"https:\/\/fundacionpalarq.com\/en\/finalista-proyecto-bastida\/\" \/>\n<meta property=\"og:locale\" content=\"en_US\" \/>\n<meta property=\"og:type\" content=\"article\" \/>\n<meta property=\"og:title\" content=\"Finalista: Proyecto Bastida\" \/>\n<meta property=\"og:url\" content=\"https:\/\/fundacionpalarq.com\/en\/finalista-proyecto-bastida\/\" \/>\n<meta property=\"og:site_name\" content=\"Fundaci\u00f3n Palarq\" \/>\n<meta property=\"article:publisher\" content=\"https:\/\/www.facebook.com\/FundacionPalarq\" \/>\n<meta property=\"article:author\" content=\"https:\/\/www.facebook.com\/FundacionPalarq\" \/>\n<meta property=\"article:published_time\" content=\"2019-10-23T10:36:07+00:00\" \/>\n<meta property=\"article:modified_time\" content=\"2019-11-28T07:46:36+00:00\" \/>\n<meta property=\"og:image\" content=\"https:\/\/fundacionpalarq.com\/wp-content\/uploads\/2019\/10\/FP.png\" \/>\n\t<meta property=\"og:image:width\" content=\"900\" \/>\n\t<meta property=\"og:image:height\" content=\"507\" \/>\n\t<meta property=\"og:image:type\" content=\"image\/png\" \/>\n<meta name=\"author\" content=\"Fundaci\u00f3n Palarq\" \/>\n<meta name=\"twitter:card\" content=\"summary_large_image\" \/>\n<meta name=\"twitter:creator\" content=\"@FundacionPalarq\" \/>\n<meta name=\"twitter:site\" content=\"@FundacionPalarq\" \/>\n<meta name=\"twitter:label1\" content=\"Written by\" \/>\n\t<meta name=\"twitter:data1\" content=\"Fundaci\u00f3n Palarq\" \/>\n<script type=\"application\/ld+json\" class=\"yoast-schema-graph\">{\"@context\":\"https:\\\/\\\/schema.org\",\"@graph\":[{\"@type\":\"Article\",\"@id\":\"https:\\\/\\\/fundacionpalarq.com\\\/en\\\/finalista-proyecto-bastida\\\/#article\",\"isPartOf\":{\"@id\":\"https:\\\/\\\/fundacionpalarq.com\\\/en\\\/finalista-proyecto-bastida\\\/\"},\"author\":{\"name\":\"Fundaci\u00f3n Palarq\",\"@id\":\"https:\\\/\\\/fundacionpalarq.com\\\/en\\\/#\\\/schema\\\/person\\\/1d9215250c5246f84ae72fde12efd2e4\"},\"headline\":\"Finalist: Bastida Project\",\"datePublished\":\"2019-10-23T10:36:07+00:00\",\"dateModified\":\"2019-11-28T07:46:36+00:00\",\"mainEntityOfPage\":{\"@id\":\"https:\\\/\\\/fundacionpalarq.com\\\/en\\\/finalista-proyecto-bastida\\\/\"},\"wordCount\":6,\"commentCount\":0,\"publisher\":{\"@id\":\"https:\\\/\\\/fundacionpalarq.com\\\/en\\\/#organization\"},\"image\":{\"@id\":\"https:\\\/\\\/fundacionpalarq.com\\\/en\\\/finalista-proyecto-bastida\\\/#primaryimage\"},\"thumbnailUrl\":\"https:\\\/\\\/fundacionpalarq.com\\\/wp-content\\\/uploads\\\/2019\\\/10\\\/bastidavideo-1.jpg\",\"articleSection\":[\"Latest news (home)\",\"Multimedia\",\"Video\"],\"inLanguage\":\"en-US\",\"potentialAction\":[{\"@type\":\"CommentAction\",\"name\":\"Comment\",\"target\":[\"https:\\\/\\\/fundacionpalarq.com\\\/en\\\/finalista-proyecto-bastida\\\/#respond\"]}]},{\"@type\":\"WebPage\",\"@id\":\"https:\\\/\\\/fundacionpalarq.com\\\/en\\\/finalista-proyecto-bastida\\\/\",\"url\":\"https:\\\/\\\/fundacionpalarq.com\\\/en\\\/finalista-proyecto-bastida\\\/\",\"name\":\"Finalist: Bastida Project - Fundaci\u00f3n Palarq\",\"isPartOf\":{\"@id\":\"https:\\\/\\\/fundacionpalarq.com\\\/en\\\/#website\"},\"primaryImageOfPage\":{\"@id\":\"https:\\\/\\\/fundacionpalarq.com\\\/en\\\/finalista-proyecto-bastida\\\/#primaryimage\"},\"image\":{\"@id\":\"https:\\\/\\\/fundacionpalarq.com\\\/en\\\/finalista-proyecto-bastida\\\/#primaryimage\"},\"thumbnailUrl\":\"https:\\\/\\\/fundacionpalarq.com\\\/wp-content\\\/uploads\\\/2019\\\/10\\\/bastidavideo-1.jpg\",\"datePublished\":\"2019-10-23T10:36:07+00:00\",\"dateModified\":\"2019-11-28T07:46:36+00:00\",\"breadcrumb\":{\"@id\":\"https:\\\/\\\/fundacionpalarq.com\\\/en\\\/finalista-proyecto-bastida\\\/#breadcrumb\"},\"inLanguage\":\"en-US\",\"potentialAction\":[{\"@type\":\"ReadAction\",\"target\":[\"https:\\\/\\\/fundacionpalarq.com\\\/en\\\/finalista-proyecto-bastida\\\/\"]}]},{\"@type\":\"ImageObject\",\"inLanguage\":\"en-US\",\"@id\":\"https:\\\/\\\/fundacionpalarq.com\\\/en\\\/finalista-proyecto-bastida\\\/#primaryimage\",\"url\":\"https:\\\/\\\/fundacionpalarq.com\\\/wp-content\\\/uploads\\\/2019\\\/10\\\/bastidavideo-1.jpg\",\"contentUrl\":\"https:\\\/\\\/fundacionpalarq.com\\\/wp-content\\\/uploads\\\/2019\\\/10\\\/bastidavideo-1.jpg\",\"width\":343,\"height\":182},{\"@type\":\"BreadcrumbList\",\"@id\":\"https:\\\/\\\/fundacionpalarq.com\\\/en\\\/finalista-proyecto-bastida\\\/#breadcrumb\",\"itemListElement\":[{\"@type\":\"ListItem\",\"position\":1,\"name\":\"Portada\",\"item\":\"https:\\\/\\\/fundacionpalarq.com\\\/en\\\/\"},{\"@type\":\"ListItem\",\"position\":2,\"name\":\"Finalist: Bastida Project\"}]},{\"@type\":\"WebSite\",\"@id\":\"https:\\\/\\\/fundacionpalarq.com\\\/en\\\/#website\",\"url\":\"https:\\\/\\\/fundacionpalarq.com\\\/en\\\/\",\"name\":\"Fundaci\u00f3n Palarq\",\"description\":\"\",\"publisher\":{\"@id\":\"https:\\\/\\\/fundacionpalarq.com\\\/en\\\/#organization\"},\"potentialAction\":[{\"@type\":\"SearchAction\",\"target\":{\"@type\":\"EntryPoint\",\"urlTemplate\":\"https:\\\/\\\/fundacionpalarq.com\\\/en\\\/?s={search_term_string}\"},\"query-input\":{\"@type\":\"PropertyValueSpecification\",\"valueRequired\":true,\"valueName\":\"search_term_string\"}}],\"inLanguage\":\"en-US\"},{\"@type\":\"Organization\",\"@id\":\"https:\\\/\\\/fundacionpalarq.com\\\/en\\\/#organization\",\"name\":\"Fundaci\u00f3n Palarq\",\"url\":\"https:\\\/\\\/fundacionpalarq.com\\\/en\\\/\",\"logo\":{\"@type\":\"ImageObject\",\"inLanguage\":\"en-US\",\"@id\":\"https:\\\/\\\/fundacionpalarq.com\\\/en\\\/#\\\/schema\\\/logo\\\/image\\\/\",\"url\":\"https:\\\/\\\/fundacionpalarq.com\\\/wp-content\\\/uploads\\\/2020\\\/03\\\/logo.png\",\"contentUrl\":\"https:\\\/\\\/fundacionpalarq.com\\\/wp-content\\\/uploads\\\/2020\\\/03\\\/logo.png\",\"width\":560,\"height\":318,\"caption\":\"Fundaci\u00f3n Palarq\"},\"image\":{\"@id\":\"https:\\\/\\\/fundacionpalarq.com\\\/en\\\/#\\\/schema\\\/logo\\\/image\\\/\"},\"sameAs\":[\"https:\\\/\\\/www.facebook.com\\\/FundacionPalarq\",\"https:\\\/\\\/x.com\\\/FundacionPalarq\",\"https:\\\/\\\/www.instagram.com\\\/fpalarq\\\/?hl=es\",\"https:\\\/\\\/www.linkedin.com\\\/company\\\/27123417\\\/\",\"https:\\\/\\\/www.youtube.com\\\/channel\\\/UCeatjA-7IA7dgRNORqhwVQA\\\/videos\"]},{\"@type\":\"Person\",\"@id\":\"https:\\\/\\\/fundacionpalarq.com\\\/en\\\/#\\\/schema\\\/person\\\/1d9215250c5246f84ae72fde12efd2e4\",\"name\":\"Fundaci\u00f3n Palarq\",\"image\":{\"@type\":\"ImageObject\",\"inLanguage\":\"en-US\",\"@id\":\"https:\\\/\\\/secure.gravatar.com\\\/avatar\\\/e253872247f2b167328b542b25758c0c022cec8221a8aff4bcd6d2990b3c4e18?s=96&d=mm&r=g\",\"url\":\"https:\\\/\\\/secure.gravatar.com\\\/avatar\\\/e253872247f2b167328b542b25758c0c022cec8221a8aff4bcd6d2990b3c4e18?s=96&d=mm&r=g\",\"contentUrl\":\"https:\\\/\\\/secure.gravatar.com\\\/avatar\\\/e253872247f2b167328b542b25758c0c022cec8221a8aff4bcd6d2990b3c4e18?s=96&d=mm&r=g\",\"caption\":\"Fundaci\u00f3n Palarq\"},\"description\":\"La Fundaci\u00f3n Palarq es una entidad privada y sin \u00e1nimo de lucro que se crea con la finalidad de apoyar las Misiones en Arqueolog\u00eda y Paleontolog\u00eda Humana Espa\u00f1olas en el extranjero, excluyendo Europa, dentro de una perspectiva que abarca desde la etapa paleontol\u00f3gica a las \u00e9pocas prehist\u00f3ricas y las hist\u00f3ricas en inter\u00e9s monumental\",\"sameAs\":[\"https:\\\/\\\/www.facebook.com\\\/FundacionPalarq\",\"https:\\\/\\\/www.instagram.com\\\/fpalarq\\\/?hl=es\",\"https:\\\/\\\/www.linkedin.com\\\/company\\\/27123417\\\/\",\"https:\\\/\\\/x.com\\\/FundacionPalarq\",\"https:\\\/\\\/www.youtube.com\\\/channel\\\/UCeatjA-7IA7dgRNORqhwVQA\"],\"url\":\"https:\\\/\\\/fundacionpalarq.com\\\/en\\\/author\\\/fpalarq\\\/\"}]}<\/script>\n<!-- \/ Yoast SEO plugin. -->","yoast_head_json":{"title":"Finalist: Bastida Project - Fundaci\u00f3n Palarq","robots":{"index":"index","follow":"follow","max-snippet":"max-snippet:-1","max-image-preview":"max-image-preview:large","max-video-preview":"max-video-preview:-1"},"canonical":"https:\/\/fundacionpalarq.com\/en\/finalista-proyecto-bastida\/","og_locale":"en_US","og_type":"article","og_title":"Finalista: Proyecto Bastida","og_url":"https:\/\/fundacionpalarq.com\/en\/finalista-proyecto-bastida\/","og_site_name":"Fundaci\u00f3n Palarq","article_publisher":"https:\/\/www.facebook.com\/FundacionPalarq","article_author":"https:\/\/www.facebook.com\/FundacionPalarq","article_published_time":"2019-10-23T10:36:07+00:00","article_modified_time":"2019-11-28T07:46:36+00:00","og_image":[{"width":900,"height":507,"url":"https:\/\/fundacionpalarq.com\/wp-content\/uploads\/2019\/10\/FP.png","type":"image\/png"}],"author":"Fundaci\u00f3n Palarq","twitter_card":"summary_large_image","twitter_creator":"@FundacionPalarq","twitter_site":"@FundacionPalarq","twitter_misc":{"Written by":"Fundaci\u00f3n Palarq"},"schema":{"@context":"https:\/\/schema.org","@graph":[{"@type":"Article","@id":"https:\/\/fundacionpalarq.com\/en\/finalista-proyecto-bastida\/#article","isPartOf":{"@id":"https:\/\/fundacionpalarq.com\/en\/finalista-proyecto-bastida\/"},"author":{"name":"Fundaci\u00f3n Palarq","@id":"https:\/\/fundacionpalarq.com\/en\/#\/schema\/person\/1d9215250c5246f84ae72fde12efd2e4"},"headline":"Finalist: Bastida Project","datePublished":"2019-10-23T10:36:07+00:00","dateModified":"2019-11-28T07:46:36+00:00","mainEntityOfPage":{"@id":"https:\/\/fundacionpalarq.com\/en\/finalista-proyecto-bastida\/"},"wordCount":6,"commentCount":0,"publisher":{"@id":"https:\/\/fundacionpalarq.com\/en\/#organization"},"image":{"@id":"https:\/\/fundacionpalarq.com\/en\/finalista-proyecto-bastida\/#primaryimage"},"thumbnailUrl":"https:\/\/fundacionpalarq.com\/wp-content\/uploads\/2019\/10\/bastidavideo-1.jpg","articleSection":["Latest news (home)","Multimedia","Video"],"inLanguage":"en-US","potentialAction":[{"@type":"CommentAction","name":"Comment","target":["https:\/\/fundacionpalarq.com\/en\/finalista-proyecto-bastida\/#respond"]}]},{"@type":"WebPage","@id":"https:\/\/fundacionpalarq.com\/en\/finalista-proyecto-bastida\/","url":"https:\/\/fundacionpalarq.com\/en\/finalista-proyecto-bastida\/","name":"Finalist: Bastida Project - Fundaci\u00f3n Palarq","isPartOf":{"@id":"https:\/\/fundacionpalarq.com\/en\/#website"},"primaryImageOfPage":{"@id":"https:\/\/fundacionpalarq.com\/en\/finalista-proyecto-bastida\/#primaryimage"},"image":{"@id":"https:\/\/fundacionpalarq.com\/en\/finalista-proyecto-bastida\/#primaryimage"},"thumbnailUrl":"https:\/\/fundacionpalarq.com\/wp-content\/uploads\/2019\/10\/bastidavideo-1.jpg","datePublished":"2019-10-23T10:36:07+00:00","dateModified":"2019-11-28T07:46:36+00:00","breadcrumb":{"@id":"https:\/\/fundacionpalarq.com\/en\/finalista-proyecto-bastida\/#breadcrumb"},"inLanguage":"en-US","potentialAction":[{"@type":"ReadAction","target":["https:\/\/fundacionpalarq.com\/en\/finalista-proyecto-bastida\/"]}]},{"@type":"ImageObject","inLanguage":"en-US","@id":"https:\/\/fundacionpalarq.com\/en\/finalista-proyecto-bastida\/#primaryimage","url":"https:\/\/fundacionpalarq.com\/wp-content\/uploads\/2019\/10\/bastidavideo-1.jpg","contentUrl":"https:\/\/fundacionpalarq.com\/wp-content\/uploads\/2019\/10\/bastidavideo-1.jpg","width":343,"height":182},{"@type":"BreadcrumbList","@id":"https:\/\/fundacionpalarq.com\/en\/finalista-proyecto-bastida\/#breadcrumb","itemListElement":[{"@type":"ListItem","position":1,"name":"Portada","item":"https:\/\/fundacionpalarq.com\/en\/"},{"@type":"ListItem","position":2,"name":"Finalist: Bastida Project"}]},{"@type":"WebSite","@id":"https:\/\/fundacionpalarq.com\/en\/#website","url":"https:\/\/fundacionpalarq.com\/en\/","name":"Fundaci\u00f3n Palarq","description":"","publisher":{"@id":"https:\/\/fundacionpalarq.com\/en\/#organization"},"potentialAction":[{"@type":"SearchAction","target":{"@type":"EntryPoint","urlTemplate":"https:\/\/fundacionpalarq.com\/en\/?s={search_term_string}"},"query-input":{"@type":"PropertyValueSpecification","valueRequired":true,"valueName":"search_term_string"}}],"inLanguage":"en-US"},{"@type":"Organization","@id":"https:\/\/fundacionpalarq.com\/en\/#organization","name":"Fundaci\u00f3n Palarq","url":"https:\/\/fundacionpalarq.com\/en\/","logo":{"@type":"ImageObject","inLanguage":"en-US","@id":"https:\/\/fundacionpalarq.com\/en\/#\/schema\/logo\/image\/","url":"https:\/\/fundacionpalarq.com\/wp-content\/uploads\/2020\/03\/logo.png","contentUrl":"https:\/\/fundacionpalarq.com\/wp-content\/uploads\/2020\/03\/logo.png","width":560,"height":318,"caption":"Fundaci\u00f3n Palarq"},"image":{"@id":"https:\/\/fundacionpalarq.com\/en\/#\/schema\/logo\/image\/"},"sameAs":["https:\/\/www.facebook.com\/FundacionPalarq","https:\/\/x.com\/FundacionPalarq","https:\/\/www.instagram.com\/fpalarq\/?hl=es","https:\/\/www.linkedin.com\/company\/27123417\/","https:\/\/www.youtube.com\/channel\/UCeatjA-7IA7dgRNORqhwVQA\/videos"]},{"@type":"Person","@id":"https:\/\/fundacionpalarq.com\/en\/#\/schema\/person\/1d9215250c5246f84ae72fde12efd2e4","name":"Fundaci\u00f3n Palarq","image":{"@type":"ImageObject","inLanguage":"en-US","@id":"https:\/\/secure.gravatar.com\/avatar\/e253872247f2b167328b542b25758c0c022cec8221a8aff4bcd6d2990b3c4e18?s=96&d=mm&r=g","url":"https:\/\/secure.gravatar.com\/avatar\/e253872247f2b167328b542b25758c0c022cec8221a8aff4bcd6d2990b3c4e18?s=96&d=mm&r=g","contentUrl":"https:\/\/secure.gravatar.com\/avatar\/e253872247f2b167328b542b25758c0c022cec8221a8aff4bcd6d2990b3c4e18?s=96&d=mm&r=g","caption":"Fundaci\u00f3n Palarq"},"description":"La Fundaci\u00f3n Palarq es una entidad privada y sin \u00e1nimo de lucro que se crea con la finalidad de apoyar las Misiones en Arqueolog\u00eda y Paleontolog\u00eda Humana Espa\u00f1olas en el extranjero, excluyendo Europa, dentro de una perspectiva que abarca desde la etapa paleontol\u00f3gica a las \u00e9pocas prehist\u00f3ricas y las hist\u00f3ricas en inter\u00e9s monumental","sameAs":["https:\/\/www.facebook.com\/FundacionPalarq","https:\/\/www.instagram.com\/fpalarq\/?hl=es","https:\/\/www.linkedin.com\/company\/27123417\/","https:\/\/x.com\/FundacionPalarq","https:\/\/www.youtube.com\/channel\/UCeatjA-7IA7dgRNORqhwVQA"],"url":"https:\/\/fundacionpalarq.com\/en\/author\/fpalarq\/"}]}},"_links":{"self":[{"href":"https:\/\/fundacionpalarq.com\/en\/wp-json\/wp\/v2\/posts\/4362","targetHints":{"allow":["GET"]}}],"collection":[{"href":"https:\/\/fundacionpalarq.com\/en\/wp-json\/wp\/v2\/posts"}],"about":[{"href":"https:\/\/fundacionpalarq.com\/en\/wp-json\/wp\/v2\/types\/post"}],"author":[{"embeddable":true,"href":"https:\/\/fundacionpalarq.com\/en\/wp-json\/wp\/v2\/users\/1"}],"replies":[{"embeddable":true,"href":"https:\/\/fundacionpalarq.com\/en\/wp-json\/wp\/v2\/comments?post=4362"}],"version-history":[{"count":0,"href":"https:\/\/fundacionpalarq.com\/en\/wp-json\/wp\/v2\/posts\/4362\/revisions"}],"wp:featuredmedia":[{"embeddable":true,"href":"https:\/\/fundacionpalarq.com\/en\/wp-json\/wp\/v2\/media\/3827"}],"wp:attachment":[{"href":"https:\/\/fundacionpalarq.com\/en\/wp-json\/wp\/v2\/media?parent=4362"}],"wp:term":[{"taxonomy":"category","embeddable":true,"href":"https:\/\/fundacionpalarq.com\/en\/wp-json\/wp\/v2\/categories?post=4362"},{"taxonomy":"post_tag","embeddable":true,"href":"https:\/\/fundacionpalarq.com\/en\/wp-json\/wp\/v2\/tags?post=4362"}],"curies":[{"name":"wp","href":"https:\/\/api.w.org\/{rel}","templated":true}]}}