{"id":4349,"date":"2019-10-15T19:14:24","date_gmt":"2019-10-15T17:14:24","guid":{"rendered":"https:\/\/fundacionpalarq.com\/fundacion-palarq-en-ser-historia-con-nacho-ares\/"},"modified":"2021-03-25T19:53:17","modified_gmt":"2021-03-25T18:53:17","slug":"fundacion-palarq-en-ser-historia-con-nacho-ares","status":"publish","type":"post","link":"https:\/\/fundacionpalarq.com\/en\/fundacion-palarq-en-ser-historia-con-nacho-ares\/","title":{"rendered":"PALARQ FOUNDATION IN SER HISTORIA WITH NACHO ARES"},"content":{"rendered":"<audio class=\"wp-audio-shortcode\" id=\"audio-4349-1\" preload=\"none\" style=\"width: 100%;\" controls=\"controls\"><source type=\"audio\/mpeg\" src=\"https:\/\/fundacionpalarq.com\/wp-content\/uploads\/2019\/10\/FP_Corte_SER_HISTORIA.mp3?_=1\" \/><a href=\"https:\/\/fundacionpalarq.com\/wp-content\/uploads\/2019\/10\/FP_Corte_SER_HISTORIA.mp3\">https:\/\/fundacionpalarq.com\/wp-content\/uploads\/2019\/10\/FP_Corte_SER_HISTORIA.mp3<\/a><\/audio>\n","protected":false},"excerpt":{"rendered":"<p>https:\/\/fundacionpalarq.com\/wp-content\/uploads\/2019\/10\/FP_Corte_SER_HISTORIA.mp3<\/p>\n","protected":false},"author":1,"featured_media":3591,"comment_status":"closed","ping_status":"open","sticky":false,"template":"","format":"standard","meta":{"footnotes":"","_links_to":"","_links_to_target":""},"categories":[59,61,95],"tags":[],"class_list":["post-4349","post","type-post","status-publish","format-standard","has-post-thumbnail","hentry","category-multimedia","category-podcast-en","category-whats-new-home","category-59","category-61","category-95","description-off"],"yoast_head":"<!-- This site is optimized with the Yoast SEO plugin v27.5 - https:\/\/yoast.com\/product\/yoast-seo-wordpress\/ -->\n<title>PALARQ FOUNDATION IN SER HISTORIA WITH NACHO ARES - Fundaci\u00f3n Palarq<\/title>\n<meta name=\"robots\" content=\"index, follow, max-snippet:-1, max-image-preview:large, max-video-preview:-1\" \/>\n<link rel=\"canonical\" href=\"https:\/\/fundacionpalarq.com\/en\/fundacion-palarq-en-ser-historia-con-nacho-ares\/\" \/>\n<meta property=\"og:locale\" content=\"en_US\" \/>\n<meta property=\"og:type\" content=\"article\" \/>\n<meta property=\"og:title\" content=\"PALARQ FOUNDATION IN SER HISTORIA WITH NACHO ARES - Fundaci\u00f3n Palarq\" \/>\n<meta property=\"og:url\" content=\"https:\/\/fundacionpalarq.com\/en\/fundacion-palarq-en-ser-historia-con-nacho-ares\/\" \/>\n<meta property=\"og:site_name\" content=\"Fundaci\u00f3n Palarq\" \/>\n<meta property=\"article:publisher\" content=\"https:\/\/www.facebook.com\/FundacionPalarq\" \/>\n<meta property=\"article:author\" content=\"https:\/\/www.facebook.com\/FundacionPalarq\" \/>\n<meta property=\"article:published_time\" content=\"2019-10-15T17:14:24+00:00\" \/>\n<meta property=\"article:modified_time\" content=\"2021-03-25T18:53:17+00:00\" \/>\n<meta property=\"og:image\" content=\"https:\/\/fundacionpalarq.com\/wp-content\/uploads\/2019\/10\/logo-ser-gistoria.png\" \/>\n\t<meta property=\"og:image:width\" content=\"900\" \/>\n\t<meta property=\"og:image:height\" content=\"473\" \/>\n\t<meta property=\"og:image:type\" content=\"image\/png\" \/>\n<meta name=\"author\" content=\"Fundaci\u00f3n Palarq\" \/>\n<meta name=\"twitter:card\" content=\"summary_large_image\" \/>\n<meta name=\"twitter:creator\" content=\"@FundacionPalarq\" \/>\n<meta name=\"twitter:site\" content=\"@FundacionPalarq\" \/>\n<meta name=\"twitter:label1\" content=\"Written by\" \/>\n\t<meta name=\"twitter:data1\" content=\"Fundaci\u00f3n Palarq\" \/>\n<script type=\"application\/ld+json\" class=\"yoast-schema-graph\">{\"@context\":\"https:\\\/\\\/schema.org\",\"@graph\":[{\"@type\":\"Article\",\"@id\":\"https:\\\/\\\/fundacionpalarq.com\\\/en\\\/fundacion-palarq-en-ser-historia-con-nacho-ares\\\/#article\",\"isPartOf\":{\"@id\":\"https:\\\/\\\/fundacionpalarq.com\\\/en\\\/fundacion-palarq-en-ser-historia-con-nacho-ares\\\/\"},\"author\":{\"name\":\"Fundaci\u00f3n Palarq\",\"@id\":\"https:\\\/\\\/fundacionpalarq.com\\\/en\\\/#\\\/schema\\\/person\\\/1d9215250c5246f84ae72fde12efd2e4\"},\"headline\":\"PALARQ FOUNDATION IN SER HISTORIA WITH NACHO ARES\",\"datePublished\":\"2019-10-15T17:14:24+00:00\",\"dateModified\":\"2021-03-25T18:53:17+00:00\",\"mainEntityOfPage\":{\"@id\":\"https:\\\/\\\/fundacionpalarq.com\\\/en\\\/fundacion-palarq-en-ser-historia-con-nacho-ares\\\/\"},\"wordCount\":21,\"publisher\":{\"@id\":\"https:\\\/\\\/fundacionpalarq.com\\\/en\\\/#organization\"},\"image\":{\"@id\":\"https:\\\/\\\/fundacionpalarq.com\\\/en\\\/fundacion-palarq-en-ser-historia-con-nacho-ares\\\/#primaryimage\"},\"thumbnailUrl\":\"https:\\\/\\\/fundacionpalarq.com\\\/wp-content\\\/uploads\\\/2019\\\/10\\\/logo-ser-gistoria.png\",\"articleSection\":[\"Multimedia\",\"Podcast\",\"What's new? (home)\"],\"inLanguage\":\"en-US\"},{\"@type\":\"WebPage\",\"@id\":\"https:\\\/\\\/fundacionpalarq.com\\\/en\\\/fundacion-palarq-en-ser-historia-con-nacho-ares\\\/\",\"url\":\"https:\\\/\\\/fundacionpalarq.com\\\/en\\\/fundacion-palarq-en-ser-historia-con-nacho-ares\\\/\",\"name\":\"PALARQ FOUNDATION IN SER HISTORIA WITH NACHO ARES - Fundaci\u00f3n Palarq\",\"isPartOf\":{\"@id\":\"https:\\\/\\\/fundacionpalarq.com\\\/en\\\/#website\"},\"primaryImageOfPage\":{\"@id\":\"https:\\\/\\\/fundacionpalarq.com\\\/en\\\/fundacion-palarq-en-ser-historia-con-nacho-ares\\\/#primaryimage\"},\"image\":{\"@id\":\"https:\\\/\\\/fundacionpalarq.com\\\/en\\\/fundacion-palarq-en-ser-historia-con-nacho-ares\\\/#primaryimage\"},\"thumbnailUrl\":\"https:\\\/\\\/fundacionpalarq.com\\\/wp-content\\\/uploads\\\/2019\\\/10\\\/logo-ser-gistoria.png\",\"datePublished\":\"2019-10-15T17:14:24+00:00\",\"dateModified\":\"2021-03-25T18:53:17+00:00\",\"breadcrumb\":{\"@id\":\"https:\\\/\\\/fundacionpalarq.com\\\/en\\\/fundacion-palarq-en-ser-historia-con-nacho-ares\\\/#breadcrumb\"},\"inLanguage\":\"en-US\",\"potentialAction\":[{\"@type\":\"ReadAction\",\"target\":[\"https:\\\/\\\/fundacionpalarq.com\\\/en\\\/fundacion-palarq-en-ser-historia-con-nacho-ares\\\/\"]}]},{\"@type\":\"ImageObject\",\"inLanguage\":\"en-US\",\"@id\":\"https:\\\/\\\/fundacionpalarq.com\\\/en\\\/fundacion-palarq-en-ser-historia-con-nacho-ares\\\/#primaryimage\",\"url\":\"https:\\\/\\\/fundacionpalarq.com\\\/wp-content\\\/uploads\\\/2019\\\/10\\\/logo-ser-gistoria.png\",\"contentUrl\":\"https:\\\/\\\/fundacionpalarq.com\\\/wp-content\\\/uploads\\\/2019\\\/10\\\/logo-ser-gistoria.png\",\"width\":900,\"height\":473},{\"@type\":\"BreadcrumbList\",\"@id\":\"https:\\\/\\\/fundacionpalarq.com\\\/en\\\/fundacion-palarq-en-ser-historia-con-nacho-ares\\\/#breadcrumb\",\"itemListElement\":[{\"@type\":\"ListItem\",\"position\":1,\"name\":\"Portada\",\"item\":\"https:\\\/\\\/fundacionpalarq.com\\\/en\\\/\"},{\"@type\":\"ListItem\",\"position\":2,\"name\":\"PALARQ FOUNDATION IN SER HISTORIA WITH NACHO ARES\"}]},{\"@type\":\"WebSite\",\"@id\":\"https:\\\/\\\/fundacionpalarq.com\\\/en\\\/#website\",\"url\":\"https:\\\/\\\/fundacionpalarq.com\\\/en\\\/\",\"name\":\"Fundaci\u00f3n Palarq\",\"description\":\"\",\"publisher\":{\"@id\":\"https:\\\/\\\/fundacionpalarq.com\\\/en\\\/#organization\"},\"potentialAction\":[{\"@type\":\"SearchAction\",\"target\":{\"@type\":\"EntryPoint\",\"urlTemplate\":\"https:\\\/\\\/fundacionpalarq.com\\\/en\\\/?s={search_term_string}\"},\"query-input\":{\"@type\":\"PropertyValueSpecification\",\"valueRequired\":true,\"valueName\":\"search_term_string\"}}],\"inLanguage\":\"en-US\"},{\"@type\":\"Organization\",\"@id\":\"https:\\\/\\\/fundacionpalarq.com\\\/en\\\/#organization\",\"name\":\"Fundaci\u00f3n Palarq\",\"url\":\"https:\\\/\\\/fundacionpalarq.com\\\/en\\\/\",\"logo\":{\"@type\":\"ImageObject\",\"inLanguage\":\"en-US\",\"@id\":\"https:\\\/\\\/fundacionpalarq.com\\\/en\\\/#\\\/schema\\\/logo\\\/image\\\/\",\"url\":\"https:\\\/\\\/fundacionpalarq.com\\\/wp-content\\\/uploads\\\/2020\\\/03\\\/logo.png\",\"contentUrl\":\"https:\\\/\\\/fundacionpalarq.com\\\/wp-content\\\/uploads\\\/2020\\\/03\\\/logo.png\",\"width\":560,\"height\":318,\"caption\":\"Fundaci\u00f3n Palarq\"},\"image\":{\"@id\":\"https:\\\/\\\/fundacionpalarq.com\\\/en\\\/#\\\/schema\\\/logo\\\/image\\\/\"},\"sameAs\":[\"https:\\\/\\\/www.facebook.com\\\/FundacionPalarq\",\"https:\\\/\\\/x.com\\\/FundacionPalarq\",\"https:\\\/\\\/www.instagram.com\\\/fpalarq\\\/?hl=es\",\"https:\\\/\\\/www.linkedin.com\\\/company\\\/27123417\\\/\",\"https:\\\/\\\/www.youtube.com\\\/channel\\\/UCeatjA-7IA7dgRNORqhwVQA\\\/videos\"]},{\"@type\":\"Person\",\"@id\":\"https:\\\/\\\/fundacionpalarq.com\\\/en\\\/#\\\/schema\\\/person\\\/1d9215250c5246f84ae72fde12efd2e4\",\"name\":\"Fundaci\u00f3n Palarq\",\"image\":{\"@type\":\"ImageObject\",\"inLanguage\":\"en-US\",\"@id\":\"https:\\\/\\\/secure.gravatar.com\\\/avatar\\\/e253872247f2b167328b542b25758c0c022cec8221a8aff4bcd6d2990b3c4e18?s=96&d=mm&r=g\",\"url\":\"https:\\\/\\\/secure.gravatar.com\\\/avatar\\\/e253872247f2b167328b542b25758c0c022cec8221a8aff4bcd6d2990b3c4e18?s=96&d=mm&r=g\",\"contentUrl\":\"https:\\\/\\\/secure.gravatar.com\\\/avatar\\\/e253872247f2b167328b542b25758c0c022cec8221a8aff4bcd6d2990b3c4e18?s=96&d=mm&r=g\",\"caption\":\"Fundaci\u00f3n Palarq\"},\"description\":\"La Fundaci\u00f3n Palarq es una entidad privada y sin \u00e1nimo de lucro que se crea con la finalidad de apoyar las Misiones en Arqueolog\u00eda y Paleontolog\u00eda Humana Espa\u00f1olas en el extranjero, excluyendo Europa, dentro de una perspectiva que abarca desde la etapa paleontol\u00f3gica a las \u00e9pocas prehist\u00f3ricas y las hist\u00f3ricas en inter\u00e9s monumental\",\"sameAs\":[\"https:\\\/\\\/www.facebook.com\\\/FundacionPalarq\",\"https:\\\/\\\/www.instagram.com\\\/fpalarq\\\/?hl=es\",\"https:\\\/\\\/www.linkedin.com\\\/company\\\/27123417\\\/\",\"https:\\\/\\\/x.com\\\/FundacionPalarq\",\"https:\\\/\\\/www.youtube.com\\\/channel\\\/UCeatjA-7IA7dgRNORqhwVQA\"],\"url\":\"https:\\\/\\\/fundacionpalarq.com\\\/en\\\/author\\\/fpalarq\\\/\"}]}<\/script>\n<!-- \/ Yoast SEO plugin. -->","yoast_head_json":{"title":"PALARQ FOUNDATION IN SER HISTORIA WITH NACHO ARES - Fundaci\u00f3n Palarq","robots":{"index":"index","follow":"follow","max-snippet":"max-snippet:-1","max-image-preview":"max-image-preview:large","max-video-preview":"max-video-preview:-1"},"canonical":"https:\/\/fundacionpalarq.com\/en\/fundacion-palarq-en-ser-historia-con-nacho-ares\/","og_locale":"en_US","og_type":"article","og_title":"PALARQ FOUNDATION IN SER HISTORIA WITH NACHO ARES - Fundaci\u00f3n Palarq","og_url":"https:\/\/fundacionpalarq.com\/en\/fundacion-palarq-en-ser-historia-con-nacho-ares\/","og_site_name":"Fundaci\u00f3n Palarq","article_publisher":"https:\/\/www.facebook.com\/FundacionPalarq","article_author":"https:\/\/www.facebook.com\/FundacionPalarq","article_published_time":"2019-10-15T17:14:24+00:00","article_modified_time":"2021-03-25T18:53:17+00:00","og_image":[{"width":900,"height":473,"url":"https:\/\/fundacionpalarq.com\/wp-content\/uploads\/2019\/10\/logo-ser-gistoria.png","type":"image\/png"}],"author":"Fundaci\u00f3n Palarq","twitter_card":"summary_large_image","twitter_creator":"@FundacionPalarq","twitter_site":"@FundacionPalarq","twitter_misc":{"Written by":"Fundaci\u00f3n Palarq"},"schema":{"@context":"https:\/\/schema.org","@graph":[{"@type":"Article","@id":"https:\/\/fundacionpalarq.com\/en\/fundacion-palarq-en-ser-historia-con-nacho-ares\/#article","isPartOf":{"@id":"https:\/\/fundacionpalarq.com\/en\/fundacion-palarq-en-ser-historia-con-nacho-ares\/"},"author":{"name":"Fundaci\u00f3n Palarq","@id":"https:\/\/fundacionpalarq.com\/en\/#\/schema\/person\/1d9215250c5246f84ae72fde12efd2e4"},"headline":"PALARQ FOUNDATION IN SER HISTORIA WITH NACHO ARES","datePublished":"2019-10-15T17:14:24+00:00","dateModified":"2021-03-25T18:53:17+00:00","mainEntityOfPage":{"@id":"https:\/\/fundacionpalarq.com\/en\/fundacion-palarq-en-ser-historia-con-nacho-ares\/"},"wordCount":21,"publisher":{"@id":"https:\/\/fundacionpalarq.com\/en\/#organization"},"image":{"@id":"https:\/\/fundacionpalarq.com\/en\/fundacion-palarq-en-ser-historia-con-nacho-ares\/#primaryimage"},"thumbnailUrl":"https:\/\/fundacionpalarq.com\/wp-content\/uploads\/2019\/10\/logo-ser-gistoria.png","articleSection":["Multimedia","Podcast","What's new? (home)"],"inLanguage":"en-US"},{"@type":"WebPage","@id":"https:\/\/fundacionpalarq.com\/en\/fundacion-palarq-en-ser-historia-con-nacho-ares\/","url":"https:\/\/fundacionpalarq.com\/en\/fundacion-palarq-en-ser-historia-con-nacho-ares\/","name":"PALARQ FOUNDATION IN SER HISTORIA WITH NACHO ARES - Fundaci\u00f3n Palarq","isPartOf":{"@id":"https:\/\/fundacionpalarq.com\/en\/#website"},"primaryImageOfPage":{"@id":"https:\/\/fundacionpalarq.com\/en\/fundacion-palarq-en-ser-historia-con-nacho-ares\/#primaryimage"},"image":{"@id":"https:\/\/fundacionpalarq.com\/en\/fundacion-palarq-en-ser-historia-con-nacho-ares\/#primaryimage"},"thumbnailUrl":"https:\/\/fundacionpalarq.com\/wp-content\/uploads\/2019\/10\/logo-ser-gistoria.png","datePublished":"2019-10-15T17:14:24+00:00","dateModified":"2021-03-25T18:53:17+00:00","breadcrumb":{"@id":"https:\/\/fundacionpalarq.com\/en\/fundacion-palarq-en-ser-historia-con-nacho-ares\/#breadcrumb"},"inLanguage":"en-US","potentialAction":[{"@type":"ReadAction","target":["https:\/\/fundacionpalarq.com\/en\/fundacion-palarq-en-ser-historia-con-nacho-ares\/"]}]},{"@type":"ImageObject","inLanguage":"en-US","@id":"https:\/\/fundacionpalarq.com\/en\/fundacion-palarq-en-ser-historia-con-nacho-ares\/#primaryimage","url":"https:\/\/fundacionpalarq.com\/wp-content\/uploads\/2019\/10\/logo-ser-gistoria.png","contentUrl":"https:\/\/fundacionpalarq.com\/wp-content\/uploads\/2019\/10\/logo-ser-gistoria.png","width":900,"height":473},{"@type":"BreadcrumbList","@id":"https:\/\/fundacionpalarq.com\/en\/fundacion-palarq-en-ser-historia-con-nacho-ares\/#breadcrumb","itemListElement":[{"@type":"ListItem","position":1,"name":"Portada","item":"https:\/\/fundacionpalarq.com\/en\/"},{"@type":"ListItem","position":2,"name":"PALARQ FOUNDATION IN SER HISTORIA WITH NACHO ARES"}]},{"@type":"WebSite","@id":"https:\/\/fundacionpalarq.com\/en\/#website","url":"https:\/\/fundacionpalarq.com\/en\/","name":"Fundaci\u00f3n Palarq","description":"","publisher":{"@id":"https:\/\/fundacionpalarq.com\/en\/#organization"},"potentialAction":[{"@type":"SearchAction","target":{"@type":"EntryPoint","urlTemplate":"https:\/\/fundacionpalarq.com\/en\/?s={search_term_string}"},"query-input":{"@type":"PropertyValueSpecification","valueRequired":true,"valueName":"search_term_string"}}],"inLanguage":"en-US"},{"@type":"Organization","@id":"https:\/\/fundacionpalarq.com\/en\/#organization","name":"Fundaci\u00f3n Palarq","url":"https:\/\/fundacionpalarq.com\/en\/","logo":{"@type":"ImageObject","inLanguage":"en-US","@id":"https:\/\/fundacionpalarq.com\/en\/#\/schema\/logo\/image\/","url":"https:\/\/fundacionpalarq.com\/wp-content\/uploads\/2020\/03\/logo.png","contentUrl":"https:\/\/fundacionpalarq.com\/wp-content\/uploads\/2020\/03\/logo.png","width":560,"height":318,"caption":"Fundaci\u00f3n Palarq"},"image":{"@id":"https:\/\/fundacionpalarq.com\/en\/#\/schema\/logo\/image\/"},"sameAs":["https:\/\/www.facebook.com\/FundacionPalarq","https:\/\/x.com\/FundacionPalarq","https:\/\/www.instagram.com\/fpalarq\/?hl=es","https:\/\/www.linkedin.com\/company\/27123417\/","https:\/\/www.youtube.com\/channel\/UCeatjA-7IA7dgRNORqhwVQA\/videos"]},{"@type":"Person","@id":"https:\/\/fundacionpalarq.com\/en\/#\/schema\/person\/1d9215250c5246f84ae72fde12efd2e4","name":"Fundaci\u00f3n Palarq","image":{"@type":"ImageObject","inLanguage":"en-US","@id":"https:\/\/secure.gravatar.com\/avatar\/e253872247f2b167328b542b25758c0c022cec8221a8aff4bcd6d2990b3c4e18?s=96&d=mm&r=g","url":"https:\/\/secure.gravatar.com\/avatar\/e253872247f2b167328b542b25758c0c022cec8221a8aff4bcd6d2990b3c4e18?s=96&d=mm&r=g","contentUrl":"https:\/\/secure.gravatar.com\/avatar\/e253872247f2b167328b542b25758c0c022cec8221a8aff4bcd6d2990b3c4e18?s=96&d=mm&r=g","caption":"Fundaci\u00f3n Palarq"},"description":"La Fundaci\u00f3n Palarq es una entidad privada y sin \u00e1nimo de lucro que se crea con la finalidad de apoyar las Misiones en Arqueolog\u00eda y Paleontolog\u00eda Humana Espa\u00f1olas en el extranjero, excluyendo Europa, dentro de una perspectiva que abarca desde la etapa paleontol\u00f3gica a las \u00e9pocas prehist\u00f3ricas y las hist\u00f3ricas en inter\u00e9s monumental","sameAs":["https:\/\/www.facebook.com\/FundacionPalarq","https:\/\/www.instagram.com\/fpalarq\/?hl=es","https:\/\/www.linkedin.com\/company\/27123417\/","https:\/\/x.com\/FundacionPalarq","https:\/\/www.youtube.com\/channel\/UCeatjA-7IA7dgRNORqhwVQA"],"url":"https:\/\/fundacionpalarq.com\/en\/author\/fpalarq\/"}]}},"_links":{"self":[{"href":"https:\/\/fundacionpalarq.com\/en\/wp-json\/wp\/v2\/posts\/4349","targetHints":{"allow":["GET"]}}],"collection":[{"href":"https:\/\/fundacionpalarq.com\/en\/wp-json\/wp\/v2\/posts"}],"about":[{"href":"https:\/\/fundacionpalarq.com\/en\/wp-json\/wp\/v2\/types\/post"}],"author":[{"embeddable":true,"href":"https:\/\/fundacionpalarq.com\/en\/wp-json\/wp\/v2\/users\/1"}],"replies":[{"embeddable":true,"href":"https:\/\/fundacionpalarq.com\/en\/wp-json\/wp\/v2\/comments?post=4349"}],"version-history":[{"count":0,"href":"https:\/\/fundacionpalarq.com\/en\/wp-json\/wp\/v2\/posts\/4349\/revisions"}],"wp:featuredmedia":[{"embeddable":true,"href":"https:\/\/fundacionpalarq.com\/en\/wp-json\/wp\/v2\/media\/3591"}],"wp:attachment":[{"href":"https:\/\/fundacionpalarq.com\/en\/wp-json\/wp\/v2\/media?parent=4349"}],"wp:term":[{"taxonomy":"category","embeddable":true,"href":"https:\/\/fundacionpalarq.com\/en\/wp-json\/wp\/v2\/categories?post=4349"},{"taxonomy":"post_tag","embeddable":true,"href":"https:\/\/fundacionpalarq.com\/en\/wp-json\/wp\/v2\/tags?post=4349"}],"curies":[{"name":"wp","href":"https:\/\/api.w.org\/{rel}","templated":true}]}}